{"id":1984,"date":"2018-02-17T14:13:30","date_gmt":"2018-02-17T13:13:30","guid":{"rendered":"http:\/\/www.eglisecafe.it\/?p=1984"},"modified":"2018-02-18T15:26:31","modified_gmt":"2018-02-18T14:26:31","slug":"apertura-eglise-cafe","status":"publish","type":"post","link":"http:\/\/www.eglisecafe.it\/index.php\/2018\/02\/17\/apertura-eglise-cafe\/","title":{"rendered":"Apertura L&#8217;Eglise Caf\u00e8"},"content":{"rendered":"<div id=\"pl-1984\"  class=\"panel-layout\" ><div id=\"pg-1984-0\"  class=\"panel-grid panel-no-style\" ><div id=\"pgc-1984-0-0\"  class=\"panel-grid-cell\" ><div id=\"panel-1984-0-0-0\" class=\"so-panel widget widget_sow-editor panel-first-child panel-last-child\" data-index=\"0\" ><div\n\t\t\t\n\t\t\tclass=\"so-widget-sow-editor so-widget-sow-editor-base\"\n\t\t\t\n\t\t>\n<div class=\"siteorigin-widget-tinymce textwidget\">\n\t<p style=\"text-align: center;\"><span style=\"font-size: 18pt; font-family: georgia, palatino, serif;\"><em>L'Eglise Caf\u00e8 riaprir\u00e0 il 1 Marzo....<\/em><\/span><\/p>\n<p style=\"text-align: center;\"><span style=\"font-size: 18pt; font-family: georgia, palatino, serif;\"><em>Vi aspettiamo con qualche novit\u00e0<\/em><\/span><\/p>\n<p style=\"text-align: center;\"><a href=\"https:\/\/instagram.com\/eglise_cafe_castelvetro\"><span style=\"font-size: 18pt; font-family: georgia, palatino, serif;\"><em>Scoprile su Instagram........\u00a0 <\/em><\/span><\/a><\/p><\/div>\n<\/div><\/div><\/div><div id=\"pgc-1984-0-1\"  class=\"panel-grid-cell\" ><div id=\"panel-1984-0-1-0\" class=\"so-panel widget widget_sow-image panel-first-child panel-last-child\" data-index=\"1\" ><div\n\t\t\t\n\t\t\tclass=\"so-widget-sow-image so-widget-sow-image-default-8b5b6f678277-1984\"\n\t\t\t\n\t\t>\n<div class=\"sow-image-container\">\n\t\t<img \n\tsrc=\"http:\/\/www.eglisecafe.it\/wp-content\/uploads\/2018\/02\/eglisecafe20180217_03.jpg\" width=\"1080\" height=\"810\" srcset=\"http:\/\/www.eglisecafe.it\/wp-content\/uploads\/2018\/02\/eglisecafe20180217_03.jpg 1080w, http:\/\/www.eglisecafe.it\/wp-content\/uploads\/2018\/02\/eglisecafe20180217_03-300x225.jpg 300w, http:\/\/www.eglisecafe.it\/wp-content\/uploads\/2018\/02\/eglisecafe20180217_03-768x576.jpg 768w, http:\/\/www.eglisecafe.it\/wp-content\/uploads\/2018\/02\/eglisecafe20180217_03-1024x768.jpg 1024w, http:\/\/www.eglisecafe.it\/wp-content\/uploads\/2018\/02\/eglisecafe20180217_03-900x675.jpg 900w, http:\/\/www.eglisecafe.it\/wp-content\/uploads\/2018\/02\/eglisecafe20180217_03-400x300.jpg 400w\" sizes=\"(max-width: 1080px) 100vw, 1080px\" alt=\"\" \t\tclass=\"so-widget-image\"\/>\n\t<\/div>\n\n<\/div><\/div><\/div><\/div><\/div>","protected":false},"excerpt":{"rendered":"<p>L&#8217;Eglise Caf\u00e8 riaprir\u00e0 il 1 Marzo&#8230;. Vi aspettiamo con qualche novit\u00e0 Scoprile su Instagram&#8230;&#8230;..\u00a0<\/p>\n","protected":false},"author":3,"featured_media":1989,"comment_status":"closed","ping_status":"closed","sticky":false,"template":"","format":"standard","meta":{"footnotes":""},"categories":[74,14],"tags":[76],"_links":{"self":[{"href":"http:\/\/www.eglisecafe.it\/index.php\/wp-json\/wp\/v2\/posts\/1984"}],"collection":[{"href":"http:\/\/www.eglisecafe.it\/index.php\/wp-json\/wp\/v2\/posts"}],"about":[{"href":"http:\/\/www.eglisecafe.it\/index.php\/wp-json\/wp\/v2\/types\/post"}],"author":[{"embeddable":true,"href":"http:\/\/www.eglisecafe.it\/index.php\/wp-json\/wp\/v2\/users\/3"}],"replies":[{"embeddable":true,"href":"http:\/\/www.eglisecafe.it\/index.php\/wp-json\/wp\/v2\/comments?post=1984"}],"version-history":[{"count":0,"href":"http:\/\/www.eglisecafe.it\/index.php\/wp-json\/wp\/v2\/posts\/1984\/revisions"}],"wp:featuredmedia":[{"embeddable":true,"href":"http:\/\/www.eglisecafe.it\/index.php\/wp-json\/wp\/v2\/media\/1989"}],"wp:attachment":[{"href":"http:\/\/www.eglisecafe.it\/index.php\/wp-json\/wp\/v2\/media?parent=1984"}],"wp:term":[{"taxonomy":"category","embeddable":true,"href":"http:\/\/www.eglisecafe.it\/index.php\/wp-json\/wp\/v2\/categories?post=1984"},{"taxonomy":"post_tag","embeddable":true,"href":"http:\/\/www.eglisecafe.it\/index.php\/wp-json\/wp\/v2\/tags?post=1984"}],"curies":[{"name":"wp","href":"https:\/\/api.w.org\/{rel}","templated":true}]}}